{"id":11052,"date":"2021-01-15T22:17:46","date_gmt":"2021-01-15T22:17:46","guid":{"rendered":"https:\/\/andyboy.wpengine.com\/?p=11052"},"modified":"2021-03-23T13:20:54","modified_gmt":"2021-03-23T13:20:54","slug":"el-legado-darrigo-tres-generaciones-de-lideres-en-el-sector-de-frutas-y-hortalizas","status":"publish","type":"post","link":"https:\/\/www.andyboy.com\/es\/noticias\/el-legado-darrigo-tres-generaciones-de-lideres-en-el-sector-de-frutas-y-hortalizas\/","title":{"rendered":"El Legado D&#8217;Arrigo: Tres Generaciones de L\u00edderes en el Sector de Frutas y Hortalizas"},"content":{"rendered":"<p>CLAUDIA PIZARRO-VILLALOBOS Y CORY LUNDE<\/p>\n<p>\u00bfQu\u00e9 impulsa a un individuo o a una organizaci\u00f3n a superarse en tiempos de adversidad? \u00bfPor qu\u00e9 algunos son derrotados por los desaf\u00edos y otros prosperan y salen adelante? Echemos un vistazo a la historia del sector de frutas y hortalizas para examinar los paralelismos entre el liderazgo y el legado desarrollados y mantenidos por D&#8217;Arrigo California y Western Growers (WG).<\/p>\n<p>Esta historia subraya c\u00f3mo la iniciativa, la resistencia y la determinaci\u00f3n llevaron al primer y, hasta la fecha, \u00fanico tr\u00edo compuesto por un abuelo, un padre y un hijo a ocupar la prestigiosa presidencia de WG, y c\u00f3mo, bajo la direcci\u00f3n de l\u00edderes como el tr\u00edo D&#8217;Arrigo, la asociaci\u00f3n sigue sirviendo a sus miembros y prosperando despu\u00e9s de todos estos a\u00f1os.<\/p>\n<p>La historia de los D&#8217;Arrigo comienza en 1907, cuando, siendo un adolescente, Andrea deja su ciudad natal de Messina (Sicilia) y emigra a Nueva York a trav\u00e9s de Ellis Island. Cuatro a\u00f1os m\u00e1s tarde, Stefano se une a su hermano mayor en Estados Unidos y se instala en la zona de Boston, donde trabaja en una f\u00e1brica de zapatos, en una f\u00e1brica de lana y en otros trabajos que le ayudan a subsistir y llegar a fin de mes. All\u00ed aprende ingl\u00e9s y obtiene la nacionalidad estadounidense. Cuando Estados Unidos entra en la Primera Guerra Mundial, Stefano decide demostrar su patriotismo sirviendo en el ej\u00e9rcito estadounidense.<\/p>\n<div id=\"attachment_10654\" style=\"width: 159px\" class=\"wp-caption alignleft\"><a href=\"https:\/\/www.andyboy.com\/wp-content\/uploads\/2021\/02\/Stefano-DArrigo-1947-3.png\" data-rel=\"lightbox-gallery-wMIxpGeL\" data-rl_title=\"\" data-rl_caption=\"Stefano D&#039;Arrigo - 1947\" title=\"\"><img decoding=\"async\" aria-describedby=\"caption-attachment-10654\" class=\"wp-image-10654\" src=\"https:\/\/www.andyboy.com\/wp-content\/uploads\/2021\/02\/Stefano-DArrigo-1947-3.png\" alt=\"\" width=\"149\" height=\"215\" \/><\/a><p id=\"caption-attachment-10654\" class=\"wp-caption-text\">Stefano D\u2019Arrigo &#8211; 1947<\/p><\/div>\n<p>En 1923, al acabar la guerra, Stefano y su hermano mayor, Andrea, fundan D&#8217;Arrigo Brothers Company; tres a\u00f1os antes de que se fundara WG en 1926. Dos d\u00e9cadas m\u00e1s tarde, en 1946, la sociedad D&#8217;Arrigo Brothers Company se constituye en D&#8217;Arrigo Bros. Co. de Massachusetts, con Andrea de presidente, y D&#8217;Arrigo Bros. Co. de California con Stefano como presidente. Las acciones de cada corporaci\u00f3n se dividir\u00edan a partes iguales entre la familia de Andrea en el este y la de Stefano en el oeste.<\/p>\n<p>Stefano D&#8217;Arrigo se dio cuenta de que merec\u00eda la pena ser miembro de WG y en 1937, D&#8217;Arrigo Bros. Co. de California se une a la asociaci\u00f3n. Dos a\u00f1os m\u00e1s tarde, Stefano acepta formar parte del consejo de administraci\u00f3n de WG, donde permaneci\u00f3 activo hasta 1948, y una vez m\u00e1s en 1950. Stefano pasa a ser el primer D&#8217;Arrigo en desempe\u00f1arse como presidente del consejo en 1947, en los tiempos en los que C.B. Moore presidia la asociaci\u00f3n. A lo largo de los diez a\u00f1os de servicio como miembro del consejo de administraci\u00f3n de WG, Stefano ayud\u00f3 a dirigir la asociaci\u00f3n durante sus comienzos, lo que le brind\u00f3 la oportunidad tanto de aprender grandes lecciones como de impartir una sabidur\u00eda que servir\u00eda a WG hasta nuestros d\u00edas.<\/p>\n<p>La continuidad del liderazgo de D&#8217;Arrigo se asegura tras el nacimiento de Andrew \u00abAndy\u00bb D&#8217;Arrigo en 1924. Nacido en Stockton, California, de padres Stefano y Concetta Piccioto D&#8217;Arrigo, Andy hizo sus primeros pinitos en el mundo de las frutas y hortalizas a temprana edad y enseguida mostr\u00f3 inter\u00e9s por seguir los pasos de su padre. A los dos a\u00f1os y medio de edad, Andy fue fotografiado con un mono de trabajo y su rostro se convertir\u00eda en la ic\u00f3ni<\/p>\n<div id=\"attachment_10639\" style=\"width: 193px\" class=\"wp-caption alignright\"><a href=\"https:\/\/www.andyboy.com\/wp-content\/uploads\/2021\/02\/Andy-DArrigo-1978.png\" data-rel=\"lightbox-gallery-wMIxpGeL\" data-rl_title=\"\" data-rl_caption=\"Andy D&#039;Arrigo - 1978\" title=\"\"><img decoding=\"async\" aria-describedby=\"caption-attachment-10639\" class=\"wp-image-10639\" src=\"https:\/\/www.andyboy.com\/wp-content\/uploads\/2021\/02\/Andy-DArrigo-1978.png\" alt=\"\" width=\"183\" height=\"242\" \/><\/a><p id=\"caption-attachment-10639\" class=\"wp-caption-text\">Andy D\u2019Arrigo &#8211; 1978<\/p><\/div>\n<p>ca imagen de la marca registrada del negocio familiar \u00abAndy Boy\u00bb.<\/p>\n<p>En 1951 muere Stefano, el padre de Andy, y su t\u00edo, Andrea D&#8217;Arrigo (Massachusetts), pasa a ser el presidente de D&#8217;Arrigo Bros. Co. de California, con Andy D&#8217;Arrigo como vicepresidente. En 1965 fallece Andrea, y a la edad de 41 a\u00f1os, Andy D&#8217;Arrigo asume el cargo de presidente y director general de D&#8217;Arrigo Bros. Co. de California. La pasi\u00f3n que ha sentido durante toda su vida por el negocio familiar y la industria de los productos agr\u00edcolas se basa en la importancia de entender tres verdades fundamentales: uno debe hacer 1) lo que le gusta, 2) lo que es correcto, y 3) lo que es mejor para todos los involucrados. Estos principios, junto con el trabajo duro y el hecho de rodearse de personas inteligentes y justas, han sido los componentes clave del estilo de gesti\u00f3n de Andy, lo cual lo aprendi\u00f3 de su padre.<\/p>\n<p>En 1951, Andy reemplaza a Stefano en el consejo de administraci\u00f3n de WG, dando as\u00ed comienzo a lo que sumar\u00edan 30 a\u00f1os de servicio. Tras dejar el consejo en 1962,<\/p>\n<p>Andy fue elegido de nuevo en 1967, donde permanecer\u00eda hasta 1984. Durante sus tres d\u00e9cadas en el consejo, Andy trabaj\u00f3 junto a tres presidentes diferentes de WG: C.B. Moore, Frank Castiglione y Daryl Arnold, siendo su presidencia en 1978 bajo Arnold.<\/p>\n<p>Hoy en d\u00eda, la tercera generaci\u00f3n de l\u00edderes D&#8217;Arrigo est\u00e1 al frente de D&#8217;Arrigo California. El hijo de Andy, John, es presidente, director general y presidente de la junta directiva de D&#8217;Arrigo California.<\/p>\n<div id=\"attachment_10642\" style=\"width: 169px\" class=\"wp-caption alignleft\"><a href=\"https:\/\/www.andyboy.com\/wp-content\/uploads\/2021\/02\/John-DArrigo-2004.jpg\" data-rel=\"lightbox-gallery-wMIxpGeL\" data-rl_title=\"\" data-rl_caption=\"\" title=\"\"><img decoding=\"async\" aria-describedby=\"caption-attachment-10642\" class=\"wp-image-10642\" src=\"https:\/\/www.andyboy.com\/wp-content\/uploads\/2021\/02\/John-DArrigo-2004.jpg\" alt=\"\" width=\"159\" height=\"227\" srcset=\"https:\/\/www.andyboy.com\/wp-content\/uploads\/2021\/02\/John-DArrigo-2004.jpg 431w, https:\/\/www.andyboy.com\/wp-content\/uploads\/2021\/02\/John-DArrigo-2004-421x600.jpg 421w\" sizes=\"(max-width: 159px) 100vw, 159px\" \/><\/a><p id=\"caption-attachment-10642\" class=\"wp-caption-text\">John D\u2019Arrigo &#8211; 2004<\/p><\/div>\n<p>Diez a\u00f1os despu\u00e9s de que su padre dejara el consejo de administraci\u00f3n de WG, John a\u00f1adi\u00f3 su nombre a la lista de hombres y mujeres que han servido a la asociaci\u00f3n, primero de 1994 a 1995, y luego de nuevo desde 1997 hasta el presente. Su pr\u00f3ximo mandato, 2021-2022, marcar\u00e1 28 a\u00f1os al servicio del consejo de WG, a s\u00f3lo dos del r\u00e9cord de D&#8217;Arrigo establecido por su padre. Adem\u00e1s, al igual que su padre, John ha servido bajo tres presidentes: David Moore, Tom Nassif y Dave Puglia.<\/p>\n<p>En 2004, John ayud\u00f3 a la familia D&#8217;Arrigo a hacer historia cuando se convirti\u00f3 en presidente de consejo de administraci\u00f3n de WG, lo que supuso la primera vez que un abuelo, un padre y un hijo ocupaban el m\u00e1ximo cargo.<\/p>\n<p>Desde 1939, y a lo largo de las tres \u00faltimas generaciones, un D&#8217;Arrigo ha formado parte del consejo de administraci\u00f3n de WG durante 67 de los 82 a\u00f1os de vida de la asociaci\u00f3n, es decir, el 82% del tiempo. Esto es muestra de la continua fe y el respeto que la familia D&#8217;Arrigo depositan en la asociaci\u00f3n y en su misi\u00f3n de servir al sector de los productos agr\u00edcolas. Durante este tiempo, el liderazgo colaborativo entre la familia D&#8217;Arrigo y WG ha permitido defender colectivamente muchas iniciativas clave del sector de los productos agr\u00edcolas, como la gesti\u00f3n medioambiental, la reforma de la inmigraci\u00f3n, la seguridad alimentaria y la sostenibilidad.<\/p>\n<p>Como hermanos, nacidos con s\u00f3lo tres a\u00f1os de diferencia, D&#8217;Arrigo California y Western Growers han crecido juntos en la industria de los productos agr\u00edcolas y sobrevivido a adversidades y desaf\u00edos comunes. Desde los humildes comienzos de WG en el Valle Imperial hace casi un siglo, la familia D&#8217;Arrigo ha invertido tiempo, talento y tesoro en promover la asociaci\u00f3n y ha demostrado aportar el tipo de liderazgo continuo que se necesita y que inevitablemente allanar\u00e1 el camino para que una nueva generaci\u00f3n de l\u00edderes reciba el legado de ambas.<\/p>\n","protected":false},"excerpt":{"rendered":"<p>CLAUDIA PIZARRO-VILLALOBOS Y CORY LUNDE \u00bfQu\u00e9 impulsa a un individuo o a una organizaci\u00f3n a superarse en tiempos de adversidad? \u00bfPor qu\u00e9 algunos son derrotados por los desaf\u00edos y otros prosperan y salen adelante? Echemos un vistazo a la historia del sector de frutas y hortalizas para examinar los paralelismos entre el liderazgo y el [&#8230;]<\/p>\n","protected":false},"author":5,"featured_media":10686,"comment_status":"open","ping_status":"closed","sticky":false,"template":"","format":"standard","meta":{"_acf_changed":false,"_exactmetrics_skip_tracking":false,"_exactmetrics_sitenote_active":false,"_exactmetrics_sitenote_note":"","_exactmetrics_sitenote_category":0,"footnotes":"","_links_to":"","_links_to_target":""},"categories":[99],"tags":[],"class_list":["post-11052","post","type-post","status-publish","format-standard","has-post-thumbnail","hentry","category-noticias"],"acf":[],"yoast_head":"<!-- This site is optimized with the Yoast SEO plugin v27.4 - https:\/\/yoast.com\/product\/yoast-seo-wordpress\/ -->\n<title>El Legado D&#039;Arrigo: Tres Generaciones de L\u00edderes en el Sector de Frutas y Hortalizas - Andy Boy<\/title>\n<meta name=\"robots\" content=\"index, follow, max-snippet:-1, max-image-preview:large, max-video-preview:-1\" \/>\n<link rel=\"canonical\" href=\"https:\/\/www.andyboy.com\/es\/noticias\/el-legado-darrigo-tres-generaciones-de-lideres-en-el-sector-de-frutas-y-hortalizas\/\" \/>\n<meta property=\"og:locale\" content=\"es_ES\" \/>\n<meta property=\"og:type\" content=\"article\" \/>\n<meta property=\"og:title\" content=\"El Legado D&#039;Arrigo: Tres Generaciones de L\u00edderes en el Sector de Frutas y Hortalizas - Andy Boy\" \/>\n<meta property=\"og:description\" content=\"CLAUDIA PIZARRO-VILLALOBOS Y CORY LUNDE \u00bfQu\u00e9 impulsa a un individuo o a una organizaci\u00f3n a superarse en tiempos de adversidad? \u00bfPor qu\u00e9 algunos son derrotados por los desaf\u00edos y otros prosperan y salen adelante? Echemos un vistazo a la historia del sector de frutas y hortalizas para examinar los paralelismos entre el liderazgo y el [...]\" \/>\n<meta property=\"og:url\" content=\"https:\/\/www.andyboy.com\/es\/noticias\/el-legado-darrigo-tres-generaciones-de-lideres-en-el-sector-de-frutas-y-hortalizas\/\" \/>\n<meta property=\"og:site_name\" content=\"Andy Boy\" \/>\n<meta property=\"article:publisher\" content=\"https:\/\/www.facebook.com\/AndyBoyProduce\" \/>\n<meta property=\"article:published_time\" content=\"2021-01-15T22:17:46+00:00\" \/>\n<meta property=\"article:modified_time\" content=\"2021-03-23T13:20:54+00:00\" \/>\n<meta property=\"og:image\" content=\"https:\/\/www.andyboy.com\/wp-content\/uploads\/2021\/02\/3-Generations-Chairman-WG-1.jpg\" \/>\n\t<meta property=\"og:image:width\" content=\"616\" \/>\n\t<meta property=\"og:image:height\" content=\"354\" \/>\n\t<meta property=\"og:image:type\" content=\"image\/jpeg\" \/>\n<meta name=\"author\" content=\"AndyBoy\" \/>\n<meta name=\"twitter:label1\" content=\"Escrito por\" \/>\n\t<meta name=\"twitter:data1\" content=\"AndyBoy\" \/>\n\t<meta name=\"twitter:label2\" content=\"Tiempo de lectura\" \/>\n\t<meta name=\"twitter:data2\" content=\"6 minutos\" \/>\n<script type=\"application\/ld+json\" class=\"yoast-schema-graph\">{\"@context\":\"https:\\\/\\\/schema.org\",\"@graph\":[{\"@type\":\"Article\",\"@id\":\"https:\\\/\\\/www.andyboy.com\\\/es\\\/noticias\\\/el-legado-darrigo-tres-generaciones-de-lideres-en-el-sector-de-frutas-y-hortalizas\\\/#article\",\"isPartOf\":{\"@id\":\"https:\\\/\\\/www.andyboy.com\\\/es\\\/noticias\\\/el-legado-darrigo-tres-generaciones-de-lideres-en-el-sector-de-frutas-y-hortalizas\\\/\"},\"author\":{\"name\":\"AndyBoy\",\"@id\":\"https:\\\/\\\/www.andyboy.com\\\/#\\\/schema\\\/person\\\/5c3ed15eccc45a99495d6be64f65a913\"},\"headline\":\"El Legado D&#8217;Arrigo: Tres Generaciones de L\u00edderes en el Sector de Frutas y Hortalizas\",\"datePublished\":\"2021-01-15T22:17:46+00:00\",\"dateModified\":\"2021-03-23T13:20:54+00:00\",\"mainEntityOfPage\":{\"@id\":\"https:\\\/\\\/www.andyboy.com\\\/es\\\/noticias\\\/el-legado-darrigo-tres-generaciones-de-lideres-en-el-sector-de-frutas-y-hortalizas\\\/\"},\"wordCount\":1240,\"commentCount\":0,\"publisher\":{\"@id\":\"https:\\\/\\\/www.andyboy.com\\\/#organization\"},\"image\":{\"@id\":\"https:\\\/\\\/www.andyboy.com\\\/es\\\/noticias\\\/el-legado-darrigo-tres-generaciones-de-lideres-en-el-sector-de-frutas-y-hortalizas\\\/#primaryimage\"},\"thumbnailUrl\":\"https:\\\/\\\/www.andyboy.com\\\/wp-content\\\/uploads\\\/2021\\\/02\\\/3-Generations-Chairman-WG-1.jpg\",\"articleSection\":[\"Noticias\"],\"inLanguage\":\"es\",\"potentialAction\":[{\"@type\":\"CommentAction\",\"name\":\"Comment\",\"target\":[\"https:\\\/\\\/www.andyboy.com\\\/es\\\/noticias\\\/el-legado-darrigo-tres-generaciones-de-lideres-en-el-sector-de-frutas-y-hortalizas\\\/#respond\"]}]},{\"@type\":\"WebPage\",\"@id\":\"https:\\\/\\\/www.andyboy.com\\\/es\\\/noticias\\\/el-legado-darrigo-tres-generaciones-de-lideres-en-el-sector-de-frutas-y-hortalizas\\\/\",\"url\":\"https:\\\/\\\/www.andyboy.com\\\/es\\\/noticias\\\/el-legado-darrigo-tres-generaciones-de-lideres-en-el-sector-de-frutas-y-hortalizas\\\/\",\"name\":\"El Legado D'Arrigo: Tres Generaciones de L\u00edderes en el Sector de Frutas y Hortalizas - Andy Boy\",\"isPartOf\":{\"@id\":\"https:\\\/\\\/www.andyboy.com\\\/#website\"},\"primaryImageOfPage\":{\"@id\":\"https:\\\/\\\/www.andyboy.com\\\/es\\\/noticias\\\/el-legado-darrigo-tres-generaciones-de-lideres-en-el-sector-de-frutas-y-hortalizas\\\/#primaryimage\"},\"image\":{\"@id\":\"https:\\\/\\\/www.andyboy.com\\\/es\\\/noticias\\\/el-legado-darrigo-tres-generaciones-de-lideres-en-el-sector-de-frutas-y-hortalizas\\\/#primaryimage\"},\"thumbnailUrl\":\"https:\\\/\\\/www.andyboy.com\\\/wp-content\\\/uploads\\\/2021\\\/02\\\/3-Generations-Chairman-WG-1.jpg\",\"datePublished\":\"2021-01-15T22:17:46+00:00\",\"dateModified\":\"2021-03-23T13:20:54+00:00\",\"breadcrumb\":{\"@id\":\"https:\\\/\\\/www.andyboy.com\\\/es\\\/noticias\\\/el-legado-darrigo-tres-generaciones-de-lideres-en-el-sector-de-frutas-y-hortalizas\\\/#breadcrumb\"},\"inLanguage\":\"es\",\"potentialAction\":[{\"@type\":\"ReadAction\",\"target\":[\"https:\\\/\\\/www.andyboy.com\\\/es\\\/noticias\\\/el-legado-darrigo-tres-generaciones-de-lideres-en-el-sector-de-frutas-y-hortalizas\\\/\"]}]},{\"@type\":\"ImageObject\",\"inLanguage\":\"es\",\"@id\":\"https:\\\/\\\/www.andyboy.com\\\/es\\\/noticias\\\/el-legado-darrigo-tres-generaciones-de-lideres-en-el-sector-de-frutas-y-hortalizas\\\/#primaryimage\",\"url\":\"https:\\\/\\\/www.andyboy.com\\\/wp-content\\\/uploads\\\/2021\\\/02\\\/3-Generations-Chairman-WG-1.jpg\",\"contentUrl\":\"https:\\\/\\\/www.andyboy.com\\\/wp-content\\\/uploads\\\/2021\\\/02\\\/3-Generations-Chairman-WG-1.jpg\",\"width\":616,\"height\":354},{\"@type\":\"BreadcrumbList\",\"@id\":\"https:\\\/\\\/www.andyboy.com\\\/es\\\/noticias\\\/el-legado-darrigo-tres-generaciones-de-lideres-en-el-sector-de-frutas-y-hortalizas\\\/#breadcrumb\",\"itemListElement\":[{\"@type\":\"ListItem\",\"position\":1,\"name\":\"Home\",\"item\":\"https:\\\/\\\/www.andyboy.com\\\/es\\\/\"},{\"@type\":\"ListItem\",\"position\":2,\"name\":\"El Legado D&#8217;Arrigo: Tres Generaciones de L\u00edderes en el Sector de Frutas y Hortalizas\"}]},{\"@type\":\"WebSite\",\"@id\":\"https:\\\/\\\/www.andyboy.com\\\/#website\",\"url\":\"https:\\\/\\\/www.andyboy.com\\\/\",\"name\":\"Andy Boy\",\"description\":\"\",\"publisher\":{\"@id\":\"https:\\\/\\\/www.andyboy.com\\\/#organization\"},\"potentialAction\":[{\"@type\":\"SearchAction\",\"target\":{\"@type\":\"EntryPoint\",\"urlTemplate\":\"https:\\\/\\\/www.andyboy.com\\\/?s={search_term_string}\"},\"query-input\":{\"@type\":\"PropertyValueSpecification\",\"valueRequired\":true,\"valueName\":\"search_term_string\"}}],\"inLanguage\":\"es\"},{\"@type\":\"Organization\",\"@id\":\"https:\\\/\\\/www.andyboy.com\\\/#organization\",\"name\":\"Andy Boy\",\"url\":\"https:\\\/\\\/www.andyboy.com\\\/\",\"logo\":{\"@type\":\"ImageObject\",\"inLanguage\":\"es\",\"@id\":\"https:\\\/\\\/www.andyboy.com\\\/#\\\/schema\\\/logo\\\/image\\\/\",\"url\":\"https:\\\/\\\/andyboy.wpengine.com\\\/wp-content\\\/uploads\\\/2015\\\/04\\\/AB-Banner-Logo-high-res.jpg\",\"contentUrl\":\"https:\\\/\\\/andyboy.wpengine.com\\\/wp-content\\\/uploads\\\/2015\\\/04\\\/AB-Banner-Logo-high-res.jpg\",\"width\":1024,\"height\":403,\"caption\":\"Andy Boy\"},\"image\":{\"@id\":\"https:\\\/\\\/www.andyboy.com\\\/#\\\/schema\\\/logo\\\/image\\\/\"},\"sameAs\":[\"https:\\\/\\\/www.facebook.com\\\/AndyBoyProduce\",\"https:\\\/\\\/x.com\\\/AndyBoyInc\",\"https:\\\/\\\/instagram.com\\\/AndyBoyProduce\\\/\",\"http:\\\/\\\/www.pinterest.com\\\/andyboyproduce\\\/\"]},{\"@type\":\"Person\",\"@id\":\"https:\\\/\\\/www.andyboy.com\\\/#\\\/schema\\\/person\\\/5c3ed15eccc45a99495d6be64f65a913\",\"name\":\"AndyBoy\",\"image\":{\"@type\":\"ImageObject\",\"inLanguage\":\"es\",\"@id\":\"https:\\\/\\\/secure.gravatar.com\\\/avatar\\\/4cde0a93a8ecb720380f41002f65227cbd13ba9f42594c36e79a7c1daa4d3a84?s=96&d=mm&r=g\",\"url\":\"https:\\\/\\\/secure.gravatar.com\\\/avatar\\\/4cde0a93a8ecb720380f41002f65227cbd13ba9f42594c36e79a7c1daa4d3a84?s=96&d=mm&r=g\",\"contentUrl\":\"https:\\\/\\\/secure.gravatar.com\\\/avatar\\\/4cde0a93a8ecb720380f41002f65227cbd13ba9f42594c36e79a7c1daa4d3a84?s=96&d=mm&r=g\",\"caption\":\"AndyBoy\"}}]}<\/script>\n<!-- \/ Yoast SEO plugin. -->","yoast_head_json":{"title":"El Legado D'Arrigo: Tres Generaciones de L\u00edderes en el Sector de Frutas y Hortalizas - Andy Boy","robots":{"index":"index","follow":"follow","max-snippet":"max-snippet:-1","max-image-preview":"max-image-preview:large","max-video-preview":"max-video-preview:-1"},"canonical":"https:\/\/www.andyboy.com\/es\/noticias\/el-legado-darrigo-tres-generaciones-de-lideres-en-el-sector-de-frutas-y-hortalizas\/","og_locale":"es_ES","og_type":"article","og_title":"El Legado D'Arrigo: Tres Generaciones de L\u00edderes en el Sector de Frutas y Hortalizas - Andy Boy","og_description":"CLAUDIA PIZARRO-VILLALOBOS Y CORY LUNDE \u00bfQu\u00e9 impulsa a un individuo o a una organizaci\u00f3n a superarse en tiempos de adversidad? \u00bfPor qu\u00e9 algunos son derrotados por los desaf\u00edos y otros prosperan y salen adelante? Echemos un vistazo a la historia del sector de frutas y hortalizas para examinar los paralelismos entre el liderazgo y el [...]","og_url":"https:\/\/www.andyboy.com\/es\/noticias\/el-legado-darrigo-tres-generaciones-de-lideres-en-el-sector-de-frutas-y-hortalizas\/","og_site_name":"Andy Boy","article_publisher":"https:\/\/www.facebook.com\/AndyBoyProduce","article_published_time":"2021-01-15T22:17:46+00:00","article_modified_time":"2021-03-23T13:20:54+00:00","og_image":[{"width":616,"height":354,"url":"https:\/\/www.andyboy.com\/wp-content\/uploads\/2021\/02\/3-Generations-Chairman-WG-1.jpg","type":"image\/jpeg"}],"author":"AndyBoy","twitter_misc":{"Escrito por":"AndyBoy","Tiempo de lectura":"6 minutos"},"schema":{"@context":"https:\/\/schema.org","@graph":[{"@type":"Article","@id":"https:\/\/www.andyboy.com\/es\/noticias\/el-legado-darrigo-tres-generaciones-de-lideres-en-el-sector-de-frutas-y-hortalizas\/#article","isPartOf":{"@id":"https:\/\/www.andyboy.com\/es\/noticias\/el-legado-darrigo-tres-generaciones-de-lideres-en-el-sector-de-frutas-y-hortalizas\/"},"author":{"name":"AndyBoy","@id":"https:\/\/www.andyboy.com\/#\/schema\/person\/5c3ed15eccc45a99495d6be64f65a913"},"headline":"El Legado D&#8217;Arrigo: Tres Generaciones de L\u00edderes en el Sector de Frutas y Hortalizas","datePublished":"2021-01-15T22:17:46+00:00","dateModified":"2021-03-23T13:20:54+00:00","mainEntityOfPage":{"@id":"https:\/\/www.andyboy.com\/es\/noticias\/el-legado-darrigo-tres-generaciones-de-lideres-en-el-sector-de-frutas-y-hortalizas\/"},"wordCount":1240,"commentCount":0,"publisher":{"@id":"https:\/\/www.andyboy.com\/#organization"},"image":{"@id":"https:\/\/www.andyboy.com\/es\/noticias\/el-legado-darrigo-tres-generaciones-de-lideres-en-el-sector-de-frutas-y-hortalizas\/#primaryimage"},"thumbnailUrl":"https:\/\/www.andyboy.com\/wp-content\/uploads\/2021\/02\/3-Generations-Chairman-WG-1.jpg","articleSection":["Noticias"],"inLanguage":"es","potentialAction":[{"@type":"CommentAction","name":"Comment","target":["https:\/\/www.andyboy.com\/es\/noticias\/el-legado-darrigo-tres-generaciones-de-lideres-en-el-sector-de-frutas-y-hortalizas\/#respond"]}]},{"@type":"WebPage","@id":"https:\/\/www.andyboy.com\/es\/noticias\/el-legado-darrigo-tres-generaciones-de-lideres-en-el-sector-de-frutas-y-hortalizas\/","url":"https:\/\/www.andyboy.com\/es\/noticias\/el-legado-darrigo-tres-generaciones-de-lideres-en-el-sector-de-frutas-y-hortalizas\/","name":"El Legado D'Arrigo: Tres Generaciones de L\u00edderes en el Sector de Frutas y Hortalizas - Andy Boy","isPartOf":{"@id":"https:\/\/www.andyboy.com\/#website"},"primaryImageOfPage":{"@id":"https:\/\/www.andyboy.com\/es\/noticias\/el-legado-darrigo-tres-generaciones-de-lideres-en-el-sector-de-frutas-y-hortalizas\/#primaryimage"},"image":{"@id":"https:\/\/www.andyboy.com\/es\/noticias\/el-legado-darrigo-tres-generaciones-de-lideres-en-el-sector-de-frutas-y-hortalizas\/#primaryimage"},"thumbnailUrl":"https:\/\/www.andyboy.com\/wp-content\/uploads\/2021\/02\/3-Generations-Chairman-WG-1.jpg","datePublished":"2021-01-15T22:17:46+00:00","dateModified":"2021-03-23T13:20:54+00:00","breadcrumb":{"@id":"https:\/\/www.andyboy.com\/es\/noticias\/el-legado-darrigo-tres-generaciones-de-lideres-en-el-sector-de-frutas-y-hortalizas\/#breadcrumb"},"inLanguage":"es","potentialAction":[{"@type":"ReadAction","target":["https:\/\/www.andyboy.com\/es\/noticias\/el-legado-darrigo-tres-generaciones-de-lideres-en-el-sector-de-frutas-y-hortalizas\/"]}]},{"@type":"ImageObject","inLanguage":"es","@id":"https:\/\/www.andyboy.com\/es\/noticias\/el-legado-darrigo-tres-generaciones-de-lideres-en-el-sector-de-frutas-y-hortalizas\/#primaryimage","url":"https:\/\/www.andyboy.com\/wp-content\/uploads\/2021\/02\/3-Generations-Chairman-WG-1.jpg","contentUrl":"https:\/\/www.andyboy.com\/wp-content\/uploads\/2021\/02\/3-Generations-Chairman-WG-1.jpg","width":616,"height":354},{"@type":"BreadcrumbList","@id":"https:\/\/www.andyboy.com\/es\/noticias\/el-legado-darrigo-tres-generaciones-de-lideres-en-el-sector-de-frutas-y-hortalizas\/#breadcrumb","itemListElement":[{"@type":"ListItem","position":1,"name":"Home","item":"https:\/\/www.andyboy.com\/es\/"},{"@type":"ListItem","position":2,"name":"El Legado D&#8217;Arrigo: Tres Generaciones de L\u00edderes en el Sector de Frutas y Hortalizas"}]},{"@type":"WebSite","@id":"https:\/\/www.andyboy.com\/#website","url":"https:\/\/www.andyboy.com\/","name":"Andy Boy","description":"","publisher":{"@id":"https:\/\/www.andyboy.com\/#organization"},"potentialAction":[{"@type":"SearchAction","target":{"@type":"EntryPoint","urlTemplate":"https:\/\/www.andyboy.com\/?s={search_term_string}"},"query-input":{"@type":"PropertyValueSpecification","valueRequired":true,"valueName":"search_term_string"}}],"inLanguage":"es"},{"@type":"Organization","@id":"https:\/\/www.andyboy.com\/#organization","name":"Andy Boy","url":"https:\/\/www.andyboy.com\/","logo":{"@type":"ImageObject","inLanguage":"es","@id":"https:\/\/www.andyboy.com\/#\/schema\/logo\/image\/","url":"https:\/\/andyboy.wpengine.com\/wp-content\/uploads\/2015\/04\/AB-Banner-Logo-high-res.jpg","contentUrl":"https:\/\/andyboy.wpengine.com\/wp-content\/uploads\/2015\/04\/AB-Banner-Logo-high-res.jpg","width":1024,"height":403,"caption":"Andy Boy"},"image":{"@id":"https:\/\/www.andyboy.com\/#\/schema\/logo\/image\/"},"sameAs":["https:\/\/www.facebook.com\/AndyBoyProduce","https:\/\/x.com\/AndyBoyInc","https:\/\/instagram.com\/AndyBoyProduce\/","http:\/\/www.pinterest.com\/andyboyproduce\/"]},{"@type":"Person","@id":"https:\/\/www.andyboy.com\/#\/schema\/person\/5c3ed15eccc45a99495d6be64f65a913","name":"AndyBoy","image":{"@type":"ImageObject","inLanguage":"es","@id":"https:\/\/secure.gravatar.com\/avatar\/4cde0a93a8ecb720380f41002f65227cbd13ba9f42594c36e79a7c1daa4d3a84?s=96&d=mm&r=g","url":"https:\/\/secure.gravatar.com\/avatar\/4cde0a93a8ecb720380f41002f65227cbd13ba9f42594c36e79a7c1daa4d3a84?s=96&d=mm&r=g","contentUrl":"https:\/\/secure.gravatar.com\/avatar\/4cde0a93a8ecb720380f41002f65227cbd13ba9f42594c36e79a7c1daa4d3a84?s=96&d=mm&r=g","caption":"AndyBoy"}}]}},"_links":{"self":[{"href":"https:\/\/www.andyboy.com\/es\/wp-json\/wp\/v2\/posts\/11052","targetHints":{"allow":["GET"]}}],"collection":[{"href":"https:\/\/www.andyboy.com\/es\/wp-json\/wp\/v2\/posts"}],"about":[{"href":"https:\/\/www.andyboy.com\/es\/wp-json\/wp\/v2\/types\/post"}],"author":[{"embeddable":true,"href":"https:\/\/www.andyboy.com\/es\/wp-json\/wp\/v2\/users\/5"}],"replies":[{"embeddable":true,"href":"https:\/\/www.andyboy.com\/es\/wp-json\/wp\/v2\/comments?post=11052"}],"version-history":[{"count":0,"href":"https:\/\/www.andyboy.com\/es\/wp-json\/wp\/v2\/posts\/11052\/revisions"}],"wp:featuredmedia":[{"embeddable":true,"href":"https:\/\/www.andyboy.com\/es\/wp-json\/wp\/v2\/media\/10686"}],"wp:attachment":[{"href":"https:\/\/www.andyboy.com\/es\/wp-json\/wp\/v2\/media?parent=11052"}],"wp:term":[{"taxonomy":"category","embeddable":true,"href":"https:\/\/www.andyboy.com\/es\/wp-json\/wp\/v2\/categories?post=11052"},{"taxonomy":"post_tag","embeddable":true,"href":"https:\/\/www.andyboy.com\/es\/wp-json\/wp\/v2\/tags?post=11052"}],"curies":[{"name":"wp","href":"https:\/\/api.w.org\/{rel}","templated":true}]}}